{"id":6157,"date":"2023-09-19T00:00:00","date_gmt":"2023-09-18T22:00:00","guid":{"rendered":"http:\/\/localhost:8888\/wp_esmach_new\/il-sapore-artigianale-incontra-la-tecnologia-esmach-triticum-il-forno-romano\/"},"modified":"2024-11-04T18:30:34","modified_gmt":"2024-11-04T17:30:34","slug":"il-sapore-artigianale-incontra-la-tecnologia-esmach-triticum-il-forno-romano","status":"publish","type":"post","link":"https:\/\/www.esmach.com\/it\/blog\/2023\/il-sapore-artigianale-incontra-la-tecnologia-esmach-triticum-il-forno-romano\/","title":{"rendered":"IL SAPORE ARTIGIANALE INCONTRA LA TECNOLOGIA ESMACH: &#8220;TRITICUM&#8221;,  IL FORNO ROMANO"},"content":{"rendered":"<p>Benvenuti nel cuore della <em>dolce vita\u00a0<\/em>dove, ogni giorno, il profumo del pane e dei dolci appena sfornati \u00a0riempie l\u2019aria di bont\u00e0 e genuinit\u00e0.<\/p>\n<p>Qui, a pochi passi dal Lungotevere, si trova <strong><a href=\"https:\/\/www.facebook.com\/triticum.micropanificio\/\">Triticum<\/a><\/strong>, il <strong>&#8220;micropanificio agricolo&#8221;\u00a0<\/strong>gestito dal giovane imprenditore <strong>Matteo Valentini<\/strong> che, dopo non pochi sacrifici, \u00e8 riuscito ad aprire la sua attivit\u00e0 proprio nel corso della post pandemia.<\/p>\n<p><em>Triticum<\/em> \u00e8 molto pi\u00f9 di un semplice forno! Rispetto ai panifici tradizionali, il microcosmo del pane di Matteo si distingue per la <strong>qualit\u00e0 delle materie prime<\/strong> e la <strong>lievitazione naturale<\/strong> dei suoi panificati.\u00a0<\/p>\n<p>Tuttavia, oltre all\u2019utilizzo di sole<strong> farine artigianali e naturali<\/strong>, a fare la differenza ci pensano le apparecchiature<strong> <a href=\"it\/\">Esmach<\/a><\/strong>.\u00a0<\/p>\n<p>Da pi\u00f9 di cinquat&#8217;anni, <em>Esmach<\/em> \u00e8 al servizio dei <strong>professionisti dell\u2019arte bianca<\/strong> grazie alle sue<strong> attrezzature per la panificazione e la ristorazione<\/strong>.\u00a0<\/p>\n<p>A dirlo \u00e8 lo stesso Matteo: \u201cHo conosciuto <em>Esmach<\/em> durante i miei studi e mi sono sempre trovato bene. L\u2019investimento pi\u00f9 importante \u00e8 stato l\u2019acquisto del <strong>forno<\/strong>, del <strong>fermolievito<\/strong> e dell\u2019<strong>impastatrice<\/strong>, che mi hanno permesso di ottenere un produzione ad alto standard qualitativo, facilitando la manodopera e diminuendo le ore lavorative.\u201d<\/p>\n<p>In particolare, parliamo del <strong>forno elettrico <a href=\"it\/apparecchiature\/forni\/a-platea-fissa-elettrici\/orion-evo-orion-evo-roc\/\">ORION EVO<\/a>,<\/strong> che garantisce la cottura omoegea di tutti i tipi di prodotti, dalla panetteria alla pasticceria; del primo sistema per la gestione e la <strong>fermalievitazione<\/strong> del lievito madre con tecnologia<strong>\u00a0<a href=\"it\/apparecchiature\/climother-system\/\">Climother System<\/a><\/strong>; infine, dell\u2019<strong>impastatrice <a href=\"it\/apparecchiature\/impasto\/impastatrici\/pannello-comandi-ai\/\">SPI &#8220;AI&#8221;<\/a><\/strong>, per impasti sempre idratati e mai surriscaldati.\u00a0<\/p>\n<p>Tutti i prodotti a marchio <em>Esmach<\/em> sono ergonomici e consentono di <strong>ridurre tempo, spazio e costi energetici<\/strong>!\u00a0<\/p>\n<p>Ora, da vero romano, Matteo sogna in grande. Il prossimo obiettivo \u00e8 quello di ampliare la sua attivit\u00e0, con la colazione servita al tavolo e lo \u201cspecialty coffee\u201d.\u00a0<\/p>\n<p><em>Esmach<\/em> \u00e8 la scelta di chi, come Matteo, mira al salto di qualit\u00e0, imponendosi sul mercato.\u00a0<\/p>\n<p>E tu, cosa stai aspettando? Rivolgiti alla tecnologia avanzata <strong><em>Esmach<\/em><\/strong>! Un consulente commerciale della tua zona sar\u00e0 pronto a supportarti e a consigliarti soluzioni su misura che renderanno la tua attivit\u00e0 ancora pi\u00f9 efficiente e all&#8217;avanguardia!<\/p>\n","protected":false},"excerpt":{"rendered":"<p>Benvenuti nel cuore della dolce vita\u00a0dove, ogni giorno, il profumo del pane e dei dolci appena sfornati \u00a0riempie l\u2019aria di bont\u00e0 e genuinit\u00e0. Qui, a pochi passi dal Lungotevere, si trova Triticum, il &#8220;micropanificio agricolo&#8221;\u00a0gestito dal giovane imprenditore Matteo Valentini che, dopo non pochi sacrifici, \u00e8 riuscito ad aprire la sua attivit\u00e0 proprio nel corso [&hellip;]<\/p>\n","protected":false},"author":1,"featured_media":1014,"comment_status":"closed","ping_status":"closed","sticky":false,"template":"","format":"standard","meta":{"_acf_changed":false,"inline_featured_image":false,"footnotes":""},"categories":[201],"tags":[],"class_list":["post-6157","post","type-post","status-publish","format-standard","has-post-thumbnail","hentry","category-blog"],"acf":[],"yoast_head":"<!-- This site is optimized with the Yoast SEO Premium plugin v23.4 (Yoast SEO v27.3) - https:\/\/yoast.com\/product\/yoast-seo-premium-wordpress\/ -->\n<title>IL SAPORE ARTIGIANALE INCONTRA LA TECNOLOGIA ESMACH: &quot;TRITICUM&quot;, IL FORNO ROMANO<\/title>\n<meta name=\"robots\" content=\"index, follow, max-snippet:-1, max-image-preview:large, max-video-preview:-1\" \/>\n<link rel=\"canonical\" href=\"https:\/\/www.esmach.com\/it\/blog\/2023\/il-sapore-artigianale-incontra-la-tecnologia-esmach-triticum-il-forno-romano\/\" \/>\n<meta property=\"og:locale\" content=\"it_IT\" \/>\n<meta property=\"og:type\" content=\"article\" \/>\n<meta property=\"og:title\" content=\"IL SAPORE ARTIGIANALE INCONTRA LA TECNOLOGIA ESMACH: &quot;TRITICUM&quot;, IL FORNO ROMANO\" \/>\n<meta property=\"og:description\" content=\"Benvenuti nel cuore della dolce vita\u00a0dove, ogni giorno, il profumo del pane e dei dolci appena sfornati \u00a0riempie l\u2019aria di bont\u00e0 e genuinit\u00e0. Qui, a pochi passi dal Lungotevere, si trova Triticum, il &#8220;micropanificio agricolo&#8221;\u00a0gestito dal giovane imprenditore Matteo Valentini che, dopo non pochi sacrifici, \u00e8 riuscito ad aprire la sua attivit\u00e0 proprio nel corso [&hellip;]\" \/>\n<meta property=\"og:url\" content=\"https:\/\/www.esmach.com\/it\/blog\/2023\/il-sapore-artigianale-incontra-la-tecnologia-esmach-triticum-il-forno-romano\/\" \/>\n<meta property=\"og:site_name\" content=\"Esmach\" \/>\n<meta property=\"article:published_time\" content=\"2023-09-18T22:00:00+00:00\" \/>\n<meta property=\"article:modified_time\" content=\"2024-11-04T17:30:34+00:00\" \/>\n<meta property=\"og:image\" content=\"https:\/\/www.esmach.com\/wp-content\/uploads\/ESMACH-COPERTINA3.jpg\" \/>\n\t<meta property=\"og:image:width\" content=\"736\" \/>\n\t<meta property=\"og:image:height\" content=\"266\" \/>\n\t<meta property=\"og:image:type\" content=\"image\/jpeg\" \/>\n<meta name=\"author\" content=\"derbau\" \/>\n<meta name=\"twitter:card\" content=\"summary_large_image\" \/>\n<meta name=\"twitter:label1\" content=\"Scritto da\" \/>\n\t<meta name=\"twitter:data1\" content=\"derbau\" \/>\n\t<meta name=\"twitter:label2\" content=\"Tempo di lettura stimato\" \/>\n\t<meta name=\"twitter:data2\" content=\"2 minuti\" \/>\n<script type=\"application\/ld+json\" class=\"yoast-schema-graph\">{\"@context\":\"https:\\\/\\\/schema.org\",\"@graph\":[{\"@type\":\"Article\",\"@id\":\"https:\\\/\\\/www.esmach.com\\\/it\\\/blog\\\/2023\\\/il-sapore-artigianale-incontra-la-tecnologia-esmach-triticum-il-forno-romano\\\/#article\",\"isPartOf\":{\"@id\":\"https:\\\/\\\/www.esmach.com\\\/it\\\/blog\\\/2023\\\/il-sapore-artigianale-incontra-la-tecnologia-esmach-triticum-il-forno-romano\\\/\"},\"author\":{\"name\":\"derbau\",\"@id\":\"https:\\\/\\\/www.esmach.com\\\/it\\\/#\\\/schema\\\/person\\\/c2ef9e678bf9458aa9209c6e989f8dda\"},\"headline\":\"IL SAPORE ARTIGIANALE INCONTRA LA TECNOLOGIA ESMACH: &#8220;TRITICUM&#8221;, IL FORNO ROMANO\",\"datePublished\":\"2023-09-18T22:00:00+00:00\",\"dateModified\":\"2024-11-04T17:30:34+00:00\",\"mainEntityOfPage\":{\"@id\":\"https:\\\/\\\/www.esmach.com\\\/it\\\/blog\\\/2023\\\/il-sapore-artigianale-incontra-la-tecnologia-esmach-triticum-il-forno-romano\\\/\"},\"wordCount\":344,\"image\":{\"@id\":\"https:\\\/\\\/www.esmach.com\\\/it\\\/blog\\\/2023\\\/il-sapore-artigianale-incontra-la-tecnologia-esmach-triticum-il-forno-romano\\\/#primaryimage\"},\"thumbnailUrl\":\"https:\\\/\\\/www.esmach.com\\\/wp-content\\\/uploads\\\/ESMACH-COPERTINA3.jpg\",\"articleSection\":[\"Blog\"],\"inLanguage\":\"it-IT\"},{\"@type\":\"WebPage\",\"@id\":\"https:\\\/\\\/www.esmach.com\\\/it\\\/blog\\\/2023\\\/il-sapore-artigianale-incontra-la-tecnologia-esmach-triticum-il-forno-romano\\\/\",\"url\":\"https:\\\/\\\/www.esmach.com\\\/it\\\/blog\\\/2023\\\/il-sapore-artigianale-incontra-la-tecnologia-esmach-triticum-il-forno-romano\\\/\",\"name\":\"IL SAPORE ARTIGIANALE INCONTRA LA TECNOLOGIA ESMACH: \\\"TRITICUM\\\", IL FORNO ROMANO\",\"isPartOf\":{\"@id\":\"https:\\\/\\\/www.esmach.com\\\/it\\\/#website\"},\"primaryImageOfPage\":{\"@id\":\"https:\\\/\\\/www.esmach.com\\\/it\\\/blog\\\/2023\\\/il-sapore-artigianale-incontra-la-tecnologia-esmach-triticum-il-forno-romano\\\/#primaryimage\"},\"image\":{\"@id\":\"https:\\\/\\\/www.esmach.com\\\/it\\\/blog\\\/2023\\\/il-sapore-artigianale-incontra-la-tecnologia-esmach-triticum-il-forno-romano\\\/#primaryimage\"},\"thumbnailUrl\":\"https:\\\/\\\/www.esmach.com\\\/wp-content\\\/uploads\\\/ESMACH-COPERTINA3.jpg\",\"datePublished\":\"2023-09-18T22:00:00+00:00\",\"dateModified\":\"2024-11-04T17:30:34+00:00\",\"author\":{\"@id\":\"https:\\\/\\\/www.esmach.com\\\/it\\\/#\\\/schema\\\/person\\\/c2ef9e678bf9458aa9209c6e989f8dda\"},\"breadcrumb\":{\"@id\":\"https:\\\/\\\/www.esmach.com\\\/it\\\/blog\\\/2023\\\/il-sapore-artigianale-incontra-la-tecnologia-esmach-triticum-il-forno-romano\\\/#breadcrumb\"},\"inLanguage\":\"it-IT\",\"potentialAction\":[{\"@type\":\"ReadAction\",\"target\":[\"https:\\\/\\\/www.esmach.com\\\/it\\\/blog\\\/2023\\\/il-sapore-artigianale-incontra-la-tecnologia-esmach-triticum-il-forno-romano\\\/\"]}]},{\"@type\":\"ImageObject\",\"inLanguage\":\"it-IT\",\"@id\":\"https:\\\/\\\/www.esmach.com\\\/it\\\/blog\\\/2023\\\/il-sapore-artigianale-incontra-la-tecnologia-esmach-triticum-il-forno-romano\\\/#primaryimage\",\"url\":\"https:\\\/\\\/www.esmach.com\\\/wp-content\\\/uploads\\\/ESMACH-COPERTINA3.jpg\",\"contentUrl\":\"https:\\\/\\\/www.esmach.com\\\/wp-content\\\/uploads\\\/ESMACH-COPERTINA3.jpg\",\"width\":736,\"height\":266},{\"@type\":\"BreadcrumbList\",\"@id\":\"https:\\\/\\\/www.esmach.com\\\/it\\\/blog\\\/2023\\\/il-sapore-artigianale-incontra-la-tecnologia-esmach-triticum-il-forno-romano\\\/#breadcrumb\",\"itemListElement\":[{\"@type\":\"ListItem\",\"position\":1,\"name\":\"Home\",\"item\":\"https:\\\/\\\/www.esmach.com\\\/it\\\/\"},{\"@type\":\"ListItem\",\"position\":2,\"name\":\"IL SAPORE ARTIGIANALE INCONTRA LA TECNOLOGIA ESMACH: &#8220;TRITICUM&#8221;, IL FORNO ROMANO\"}]},{\"@type\":\"WebSite\",\"@id\":\"https:\\\/\\\/www.esmach.com\\\/it\\\/#website\",\"url\":\"https:\\\/\\\/www.esmach.com\\\/it\\\/\",\"name\":\"Esmach\",\"description\":\"\",\"potentialAction\":[{\"@type\":\"SearchAction\",\"target\":{\"@type\":\"EntryPoint\",\"urlTemplate\":\"https:\\\/\\\/www.esmach.com\\\/it\\\/?s={search_term_string}\"},\"query-input\":{\"@type\":\"PropertyValueSpecification\",\"valueRequired\":true,\"valueName\":\"search_term_string\"}}],\"inLanguage\":\"it-IT\"},{\"@type\":\"Person\",\"@id\":\"https:\\\/\\\/www.esmach.com\\\/it\\\/#\\\/schema\\\/person\\\/c2ef9e678bf9458aa9209c6e989f8dda\",\"name\":\"derbau\",\"image\":{\"@type\":\"ImageObject\",\"inLanguage\":\"it-IT\",\"@id\":\"https:\\\/\\\/secure.gravatar.com\\\/avatar\\\/69cf46fafe5978239ea0fef88925601f1120d10fcea732c96b92c957e3308753?s=96&d=mm&r=g\",\"url\":\"https:\\\/\\\/secure.gravatar.com\\\/avatar\\\/69cf46fafe5978239ea0fef88925601f1120d10fcea732c96b92c957e3308753?s=96&d=mm&r=g\",\"contentUrl\":\"https:\\\/\\\/secure.gravatar.com\\\/avatar\\\/69cf46fafe5978239ea0fef88925601f1120d10fcea732c96b92c957e3308753?s=96&d=mm&r=g\",\"caption\":\"derbau\"},\"sameAs\":[\"http:\\\/\\\/localhost:8888\\\/wp_esmach_new\"],\"url\":\"https:\\\/\\\/www.esmach.com\\\/it\\\/author\\\/derbau\\\/\"}]}<\/script>\n<!-- \/ Yoast SEO Premium plugin. -->","yoast_head_json":{"title":"IL SAPORE ARTIGIANALE INCONTRA LA TECNOLOGIA ESMACH: \"TRITICUM\", IL FORNO ROMANO","robots":{"index":"index","follow":"follow","max-snippet":"max-snippet:-1","max-image-preview":"max-image-preview:large","max-video-preview":"max-video-preview:-1"},"canonical":"https:\/\/www.esmach.com\/it\/blog\/2023\/il-sapore-artigianale-incontra-la-tecnologia-esmach-triticum-il-forno-romano\/","og_locale":"it_IT","og_type":"article","og_title":"IL SAPORE ARTIGIANALE INCONTRA LA TECNOLOGIA ESMACH: \"TRITICUM\", IL FORNO ROMANO","og_description":"Benvenuti nel cuore della dolce vita\u00a0dove, ogni giorno, il profumo del pane e dei dolci appena sfornati \u00a0riempie l\u2019aria di bont\u00e0 e genuinit\u00e0. Qui, a pochi passi dal Lungotevere, si trova Triticum, il &#8220;micropanificio agricolo&#8221;\u00a0gestito dal giovane imprenditore Matteo Valentini che, dopo non pochi sacrifici, \u00e8 riuscito ad aprire la sua attivit\u00e0 proprio nel corso [&hellip;]","og_url":"https:\/\/www.esmach.com\/it\/blog\/2023\/il-sapore-artigianale-incontra-la-tecnologia-esmach-triticum-il-forno-romano\/","og_site_name":"Esmach","article_published_time":"2023-09-18T22:00:00+00:00","article_modified_time":"2024-11-04T17:30:34+00:00","og_image":[{"width":736,"height":266,"url":"https:\/\/www.esmach.com\/wp-content\/uploads\/ESMACH-COPERTINA3.jpg","type":"image\/jpeg"}],"author":"derbau","twitter_card":"summary_large_image","twitter_misc":{"Scritto da":"derbau","Tempo di lettura stimato":"2 minuti"},"schema":{"@context":"https:\/\/schema.org","@graph":[{"@type":"Article","@id":"https:\/\/www.esmach.com\/it\/blog\/2023\/il-sapore-artigianale-incontra-la-tecnologia-esmach-triticum-il-forno-romano\/#article","isPartOf":{"@id":"https:\/\/www.esmach.com\/it\/blog\/2023\/il-sapore-artigianale-incontra-la-tecnologia-esmach-triticum-il-forno-romano\/"},"author":{"name":"derbau","@id":"https:\/\/www.esmach.com\/it\/#\/schema\/person\/c2ef9e678bf9458aa9209c6e989f8dda"},"headline":"IL SAPORE ARTIGIANALE INCONTRA LA TECNOLOGIA ESMACH: &#8220;TRITICUM&#8221;, IL FORNO ROMANO","datePublished":"2023-09-18T22:00:00+00:00","dateModified":"2024-11-04T17:30:34+00:00","mainEntityOfPage":{"@id":"https:\/\/www.esmach.com\/it\/blog\/2023\/il-sapore-artigianale-incontra-la-tecnologia-esmach-triticum-il-forno-romano\/"},"wordCount":344,"image":{"@id":"https:\/\/www.esmach.com\/it\/blog\/2023\/il-sapore-artigianale-incontra-la-tecnologia-esmach-triticum-il-forno-romano\/#primaryimage"},"thumbnailUrl":"https:\/\/www.esmach.com\/wp-content\/uploads\/ESMACH-COPERTINA3.jpg","articleSection":["Blog"],"inLanguage":"it-IT"},{"@type":"WebPage","@id":"https:\/\/www.esmach.com\/it\/blog\/2023\/il-sapore-artigianale-incontra-la-tecnologia-esmach-triticum-il-forno-romano\/","url":"https:\/\/www.esmach.com\/it\/blog\/2023\/il-sapore-artigianale-incontra-la-tecnologia-esmach-triticum-il-forno-romano\/","name":"IL SAPORE ARTIGIANALE INCONTRA LA TECNOLOGIA ESMACH: \"TRITICUM\", IL FORNO ROMANO","isPartOf":{"@id":"https:\/\/www.esmach.com\/it\/#website"},"primaryImageOfPage":{"@id":"https:\/\/www.esmach.com\/it\/blog\/2023\/il-sapore-artigianale-incontra-la-tecnologia-esmach-triticum-il-forno-romano\/#primaryimage"},"image":{"@id":"https:\/\/www.esmach.com\/it\/blog\/2023\/il-sapore-artigianale-incontra-la-tecnologia-esmach-triticum-il-forno-romano\/#primaryimage"},"thumbnailUrl":"https:\/\/www.esmach.com\/wp-content\/uploads\/ESMACH-COPERTINA3.jpg","datePublished":"2023-09-18T22:00:00+00:00","dateModified":"2024-11-04T17:30:34+00:00","author":{"@id":"https:\/\/www.esmach.com\/it\/#\/schema\/person\/c2ef9e678bf9458aa9209c6e989f8dda"},"breadcrumb":{"@id":"https:\/\/www.esmach.com\/it\/blog\/2023\/il-sapore-artigianale-incontra-la-tecnologia-esmach-triticum-il-forno-romano\/#breadcrumb"},"inLanguage":"it-IT","potentialAction":[{"@type":"ReadAction","target":["https:\/\/www.esmach.com\/it\/blog\/2023\/il-sapore-artigianale-incontra-la-tecnologia-esmach-triticum-il-forno-romano\/"]}]},{"@type":"ImageObject","inLanguage":"it-IT","@id":"https:\/\/www.esmach.com\/it\/blog\/2023\/il-sapore-artigianale-incontra-la-tecnologia-esmach-triticum-il-forno-romano\/#primaryimage","url":"https:\/\/www.esmach.com\/wp-content\/uploads\/ESMACH-COPERTINA3.jpg","contentUrl":"https:\/\/www.esmach.com\/wp-content\/uploads\/ESMACH-COPERTINA3.jpg","width":736,"height":266},{"@type":"BreadcrumbList","@id":"https:\/\/www.esmach.com\/it\/blog\/2023\/il-sapore-artigianale-incontra-la-tecnologia-esmach-triticum-il-forno-romano\/#breadcrumb","itemListElement":[{"@type":"ListItem","position":1,"name":"Home","item":"https:\/\/www.esmach.com\/it\/"},{"@type":"ListItem","position":2,"name":"IL SAPORE ARTIGIANALE INCONTRA LA TECNOLOGIA ESMACH: &#8220;TRITICUM&#8221;, IL FORNO ROMANO"}]},{"@type":"WebSite","@id":"https:\/\/www.esmach.com\/it\/#website","url":"https:\/\/www.esmach.com\/it\/","name":"Esmach","description":"","potentialAction":[{"@type":"SearchAction","target":{"@type":"EntryPoint","urlTemplate":"https:\/\/www.esmach.com\/it\/?s={search_term_string}"},"query-input":{"@type":"PropertyValueSpecification","valueRequired":true,"valueName":"search_term_string"}}],"inLanguage":"it-IT"},{"@type":"Person","@id":"https:\/\/www.esmach.com\/it\/#\/schema\/person\/c2ef9e678bf9458aa9209c6e989f8dda","name":"derbau","image":{"@type":"ImageObject","inLanguage":"it-IT","@id":"https:\/\/secure.gravatar.com\/avatar\/69cf46fafe5978239ea0fef88925601f1120d10fcea732c96b92c957e3308753?s=96&d=mm&r=g","url":"https:\/\/secure.gravatar.com\/avatar\/69cf46fafe5978239ea0fef88925601f1120d10fcea732c96b92c957e3308753?s=96&d=mm&r=g","contentUrl":"https:\/\/secure.gravatar.com\/avatar\/69cf46fafe5978239ea0fef88925601f1120d10fcea732c96b92c957e3308753?s=96&d=mm&r=g","caption":"derbau"},"sameAs":["http:\/\/localhost:8888\/wp_esmach_new"],"url":"https:\/\/www.esmach.com\/it\/author\/derbau\/"}]}},"_links":{"self":[{"href":"https:\/\/www.esmach.com\/it\/wp-json\/wp\/v2\/posts\/6157","targetHints":{"allow":["GET"]}}],"collection":[{"href":"https:\/\/www.esmach.com\/it\/wp-json\/wp\/v2\/posts"}],"about":[{"href":"https:\/\/www.esmach.com\/it\/wp-json\/wp\/v2\/types\/post"}],"author":[{"embeddable":true,"href":"https:\/\/www.esmach.com\/it\/wp-json\/wp\/v2\/users\/1"}],"replies":[{"embeddable":true,"href":"https:\/\/www.esmach.com\/it\/wp-json\/wp\/v2\/comments?post=6157"}],"version-history":[{"count":0,"href":"https:\/\/www.esmach.com\/it\/wp-json\/wp\/v2\/posts\/6157\/revisions"}],"wp:featuredmedia":[{"embeddable":true,"href":"https:\/\/www.esmach.com\/it\/wp-json\/wp\/v2\/media\/1014"}],"wp:attachment":[{"href":"https:\/\/www.esmach.com\/it\/wp-json\/wp\/v2\/media?parent=6157"}],"wp:term":[{"taxonomy":"category","embeddable":true,"href":"https:\/\/www.esmach.com\/it\/wp-json\/wp\/v2\/categories?post=6157"},{"taxonomy":"post_tag","embeddable":true,"href":"https:\/\/www.esmach.com\/it\/wp-json\/wp\/v2\/tags?post=6157"}],"curies":[{"name":"wp","href":"https:\/\/api.w.org\/{rel}","templated":true}]}}