{"id":6152,"date":"2023-08-16T00:00:00","date_gmt":"2023-08-15T22:00:00","guid":{"rendered":"http:\/\/localhost:8888\/wp_esmach_new\/il-forno-di-cattolica-larmonioso-connubio-tra-tradizione-e-innovazione-con-esmach-ali\/"},"modified":"2024-11-04T18:30:31","modified_gmt":"2024-11-04T17:30:31","slug":"il-forno-di-cattolica-larmonioso-connubio-tra-tradizione-e-innovazione-con-esmach-ali","status":"publish","type":"post","link":"https:\/\/www.esmach.com\/it\/blog\/2023\/il-forno-di-cattolica-larmonioso-connubio-tra-tradizione-e-innovazione-con-esmach-ali\/","title":{"rendered":"\u201cIL FORNO\u201d DI CATTOLICA: UN CONNUBIO TRA TRADIZIONE E INNOVAZIONE CON ESMACH ALI"},"content":{"rendered":"<p>Nella suggestiva localit\u00e0 di <strong>Cattolica<\/strong>, in provincia di <strong>Rimini<\/strong>, spicca un forno prestigioso gestito con passione e dedizione da un fornaio e da sua moglie. Ci troviamo nella splendida <strong>Emilia Romagna<\/strong> e parliamo de \u201c<strong>Il Forno<\/strong>\u201d di Cattolica, di <strong>Giovanni Lapenta<\/strong>.<\/p>\n<p>All\u2019interno di questa solida attivit\u00e0 \u00e8 possibile trovare tantissimi prodotti dell\u2019arte bianca italiana, che variano dalla pasticceria al salato, quali pane, pizze, spianate, grissini pizza; e poi ancora bauletti con curcuma, soia, farro, segale e dolci tipici del luogo.<\/p>\n<p>L\u2019incontro con l&#8217;eccezionale consulente commerciale <strong>Tomas Silvestrini<\/strong> ha consentito all\u2019attivit\u00e0 di Giovanni di mirare sempre pi\u00f9 in alto, entrando in contatto con <strong><a href=\"it\/\">Esmach Ali<\/a><\/strong> e le sue performanti e innovative attrezzature per la panificazione e la ristorazione.<\/p>\n<p>Da anni, il mondo di <strong>Esmach<\/strong> si pone al servizio dei <em><strong>professionisti dell\u2019arte bianca<\/strong><\/em>, garantendo alti standard qualitativi e grande successo tra la clientela.<\/p>\n<p>L\u2019intelligenza artificiale integrata nelle apparecchiature <strong>Esmach<\/strong>, infatti, permette a forni e laboratori italiani di ridurre in modo significativo non solo i costi di energia, ma anche le ore di lavoro, assicurando nel contempo un aumento considerevole della produttivit\u00e0!<\/p>\n<p>In particolare, per \u201c<strong>Il Forno<\/strong>\u201d di Cattolica, Giovanni ha deciso di puntare su un esclusivo modello di forno a gas; si tratta del <strong><a href=\"it\/apparecchiature\/forni\/a-platea-fissa-a-gas-gasolio\/cervap-rs\/\">CERVAP RS<\/a><\/strong> della linea <strong>Esmach &#8211; Bongard<\/strong>, che gli ha permesso di risparmiare in bolletta, semplificando e aumentando la produzione.<\/p>\n<p>Grazie al connubio tra l\u2019amore per la panificazione e l\u2019alta tecnologia, Giovanni \u00e8 riuscito ad accrescere sempre pi\u00f9 la sua clientela.<\/p>\n<p>Guardando al futuro, <strong>Giovanni Lapenta<\/strong> mira ancora pi\u00f9 in alto e vuole continuare a essere sempre al passo con i tempi. Per questo, acquister\u00e0 la cella a fermalievitazione con tecnologia <strong><a href=\"it\/apparecchiature\/climother-system\/\">Climother System<\/a><\/strong>: il primo sistema per la gestione del processo di panificazione del lievito madre, che consente di ridurre le ore lavorative del 50%.<\/p>\n<p>Rivolgiti anche tu ad <strong>Esmach<\/strong>! Come Giovanni, anche\u00a0<em><a href=\"it\/blog\/2023\/a-belluno-la-tradizione-siciliana-con-esmach-ali-i-piatti-tipici-di-etna-bar\/\">Giuseppe Gioco<\/a><\/em>, <em><a href=\"it\/blog\/2023\/nel-cuore-della-sicilia-occidentale-il-forno-che-con-esmach-unisce-tradizione-locale-e-alta-tecnologia-a-cerda-fior-di-pane\/\">Daniele Traficante<\/a><\/em>, <em><a href=\"it\/blog\/2023\/quando-larte-bianca-ciociara-incontra-la-tecnologia-4-0-esmach-una-ventata-di-novita-per-spiga-di-grano\/\">Giuseppe Liburdi<\/a><\/em> e tanti altri panettieri e ristoratori italiani hanno scelto l\u2019affidabilit\u00e0 e la qualit\u00e0 di questa consolidata realt\u00e0, per elevare e rinnovare le proprie attivit\u00e0!<\/p>\n","protected":false},"excerpt":{"rendered":"<p>Nella suggestiva localit\u00e0 di Cattolica, in provincia di Rimini, spicca un forno prestigioso gestito con passione e dedizione da un fornaio e da sua moglie. Ci troviamo nella splendida Emilia Romagna e parliamo de \u201cIl Forno\u201d di Cattolica, di Giovanni Lapenta. All\u2019interno di questa solida attivit\u00e0 \u00e8 possibile trovare tantissimi prodotti dell\u2019arte bianca italiana, che [&hellip;]<\/p>\n","protected":false},"author":1,"featured_media":666,"comment_status":"closed","ping_status":"closed","sticky":false,"template":"","format":"standard","meta":{"_acf_changed":false,"inline_featured_image":false,"footnotes":""},"categories":[201],"tags":[],"class_list":["post-6152","post","type-post","status-publish","format-standard","has-post-thumbnail","hentry","category-blog"],"acf":[],"yoast_head":"<!-- This site is optimized with the Yoast SEO Premium plugin v23.4 (Yoast SEO v27.3) - https:\/\/yoast.com\/product\/yoast-seo-premium-wordpress\/ -->\n<title>\u201cIL FORNO\u201d DI CATTOLICA: UN CONNUBIO TRA TRADIZIONE E INNOVAZIONE CON ESMACH ALI<\/title>\n<meta name=\"robots\" content=\"index, follow, max-snippet:-1, max-image-preview:large, max-video-preview:-1\" \/>\n<link rel=\"canonical\" href=\"https:\/\/www.esmach.com\/it\/blog\/2023\/il-forno-di-cattolica-larmonioso-connubio-tra-tradizione-e-innovazione-con-esmach-ali\/\" \/>\n<meta property=\"og:locale\" content=\"it_IT\" \/>\n<meta property=\"og:type\" content=\"article\" \/>\n<meta property=\"og:title\" content=\"\u201cIL FORNO\u201d DI CATTOLICA: UN CONNUBIO TRA TRADIZIONE E INNOVAZIONE CON ESMACH ALI\" \/>\n<meta property=\"og:description\" content=\"Nella suggestiva localit\u00e0 di Cattolica, in provincia di Rimini, spicca un forno prestigioso gestito con passione e dedizione da un fornaio e da sua moglie. Ci troviamo nella splendida Emilia Romagna e parliamo de \u201cIl Forno\u201d di Cattolica, di Giovanni Lapenta. All\u2019interno di questa solida attivit\u00e0 \u00e8 possibile trovare tantissimi prodotti dell\u2019arte bianca italiana, che [&hellip;]\" \/>\n<meta property=\"og:url\" content=\"https:\/\/www.esmach.com\/it\/blog\/2023\/il-forno-di-cattolica-larmonioso-connubio-tra-tradizione-e-innovazione-con-esmach-ali\/\" \/>\n<meta property=\"og:site_name\" content=\"Esmach\" \/>\n<meta property=\"article:published_time\" content=\"2023-08-15T22:00:00+00:00\" \/>\n<meta property=\"article:modified_time\" content=\"2024-11-04T17:30:31+00:00\" \/>\n<meta property=\"og:image\" content=\"https:\/\/www.esmach.com\/wp-content\/uploads\/COP23.jpg\" \/>\n\t<meta property=\"og:image:width\" content=\"736\" \/>\n\t<meta property=\"og:image:height\" content=\"266\" \/>\n\t<meta property=\"og:image:type\" content=\"image\/jpeg\" \/>\n<meta name=\"author\" content=\"derbau\" \/>\n<meta name=\"twitter:card\" content=\"summary_large_image\" \/>\n<meta name=\"twitter:label1\" content=\"Scritto da\" \/>\n\t<meta name=\"twitter:data1\" content=\"derbau\" \/>\n\t<meta name=\"twitter:label2\" content=\"Tempo di lettura stimato\" \/>\n\t<meta name=\"twitter:data2\" content=\"2 minuti\" \/>\n<script type=\"application\/ld+json\" class=\"yoast-schema-graph\">{\"@context\":\"https:\\\/\\\/schema.org\",\"@graph\":[{\"@type\":\"Article\",\"@id\":\"https:\\\/\\\/www.esmach.com\\\/it\\\/blog\\\/2023\\\/il-forno-di-cattolica-larmonioso-connubio-tra-tradizione-e-innovazione-con-esmach-ali\\\/#article\",\"isPartOf\":{\"@id\":\"https:\\\/\\\/www.esmach.com\\\/it\\\/blog\\\/2023\\\/il-forno-di-cattolica-larmonioso-connubio-tra-tradizione-e-innovazione-con-esmach-ali\\\/\"},\"author\":{\"name\":\"derbau\",\"@id\":\"https:\\\/\\\/www.esmach.com\\\/it\\\/#\\\/schema\\\/person\\\/c2ef9e678bf9458aa9209c6e989f8dda\"},\"headline\":\"\u201cIL FORNO\u201d DI CATTOLICA: UN CONNUBIO TRA TRADIZIONE E INNOVAZIONE CON ESMACH ALI\",\"datePublished\":\"2023-08-15T22:00:00+00:00\",\"dateModified\":\"2024-11-04T17:30:31+00:00\",\"mainEntityOfPage\":{\"@id\":\"https:\\\/\\\/www.esmach.com\\\/it\\\/blog\\\/2023\\\/il-forno-di-cattolica-larmonioso-connubio-tra-tradizione-e-innovazione-con-esmach-ali\\\/\"},\"wordCount\":355,\"image\":{\"@id\":\"https:\\\/\\\/www.esmach.com\\\/it\\\/blog\\\/2023\\\/il-forno-di-cattolica-larmonioso-connubio-tra-tradizione-e-innovazione-con-esmach-ali\\\/#primaryimage\"},\"thumbnailUrl\":\"https:\\\/\\\/www.esmach.com\\\/wp-content\\\/uploads\\\/COP23.jpg\",\"articleSection\":[\"Blog\"],\"inLanguage\":\"it-IT\"},{\"@type\":\"WebPage\",\"@id\":\"https:\\\/\\\/www.esmach.com\\\/it\\\/blog\\\/2023\\\/il-forno-di-cattolica-larmonioso-connubio-tra-tradizione-e-innovazione-con-esmach-ali\\\/\",\"url\":\"https:\\\/\\\/www.esmach.com\\\/it\\\/blog\\\/2023\\\/il-forno-di-cattolica-larmonioso-connubio-tra-tradizione-e-innovazione-con-esmach-ali\\\/\",\"name\":\"\u201cIL FORNO\u201d DI CATTOLICA: UN CONNUBIO TRA TRADIZIONE E INNOVAZIONE CON ESMACH ALI\",\"isPartOf\":{\"@id\":\"https:\\\/\\\/www.esmach.com\\\/it\\\/#website\"},\"primaryImageOfPage\":{\"@id\":\"https:\\\/\\\/www.esmach.com\\\/it\\\/blog\\\/2023\\\/il-forno-di-cattolica-larmonioso-connubio-tra-tradizione-e-innovazione-con-esmach-ali\\\/#primaryimage\"},\"image\":{\"@id\":\"https:\\\/\\\/www.esmach.com\\\/it\\\/blog\\\/2023\\\/il-forno-di-cattolica-larmonioso-connubio-tra-tradizione-e-innovazione-con-esmach-ali\\\/#primaryimage\"},\"thumbnailUrl\":\"https:\\\/\\\/www.esmach.com\\\/wp-content\\\/uploads\\\/COP23.jpg\",\"datePublished\":\"2023-08-15T22:00:00+00:00\",\"dateModified\":\"2024-11-04T17:30:31+00:00\",\"author\":{\"@id\":\"https:\\\/\\\/www.esmach.com\\\/it\\\/#\\\/schema\\\/person\\\/c2ef9e678bf9458aa9209c6e989f8dda\"},\"breadcrumb\":{\"@id\":\"https:\\\/\\\/www.esmach.com\\\/it\\\/blog\\\/2023\\\/il-forno-di-cattolica-larmonioso-connubio-tra-tradizione-e-innovazione-con-esmach-ali\\\/#breadcrumb\"},\"inLanguage\":\"it-IT\",\"potentialAction\":[{\"@type\":\"ReadAction\",\"target\":[\"https:\\\/\\\/www.esmach.com\\\/it\\\/blog\\\/2023\\\/il-forno-di-cattolica-larmonioso-connubio-tra-tradizione-e-innovazione-con-esmach-ali\\\/\"]}]},{\"@type\":\"ImageObject\",\"inLanguage\":\"it-IT\",\"@id\":\"https:\\\/\\\/www.esmach.com\\\/it\\\/blog\\\/2023\\\/il-forno-di-cattolica-larmonioso-connubio-tra-tradizione-e-innovazione-con-esmach-ali\\\/#primaryimage\",\"url\":\"https:\\\/\\\/www.esmach.com\\\/wp-content\\\/uploads\\\/COP23.jpg\",\"contentUrl\":\"https:\\\/\\\/www.esmach.com\\\/wp-content\\\/uploads\\\/COP23.jpg\",\"width\":736,\"height\":266},{\"@type\":\"BreadcrumbList\",\"@id\":\"https:\\\/\\\/www.esmach.com\\\/it\\\/blog\\\/2023\\\/il-forno-di-cattolica-larmonioso-connubio-tra-tradizione-e-innovazione-con-esmach-ali\\\/#breadcrumb\",\"itemListElement\":[{\"@type\":\"ListItem\",\"position\":1,\"name\":\"Home\",\"item\":\"https:\\\/\\\/www.esmach.com\\\/it\\\/\"},{\"@type\":\"ListItem\",\"position\":2,\"name\":\"\u201cIL FORNO\u201d DI CATTOLICA: UN CONNUBIO TRA TRADIZIONE E INNOVAZIONE CON ESMACH ALI\"}]},{\"@type\":\"WebSite\",\"@id\":\"https:\\\/\\\/www.esmach.com\\\/it\\\/#website\",\"url\":\"https:\\\/\\\/www.esmach.com\\\/it\\\/\",\"name\":\"Esmach\",\"description\":\"\",\"potentialAction\":[{\"@type\":\"SearchAction\",\"target\":{\"@type\":\"EntryPoint\",\"urlTemplate\":\"https:\\\/\\\/www.esmach.com\\\/it\\\/?s={search_term_string}\"},\"query-input\":{\"@type\":\"PropertyValueSpecification\",\"valueRequired\":true,\"valueName\":\"search_term_string\"}}],\"inLanguage\":\"it-IT\"},{\"@type\":\"Person\",\"@id\":\"https:\\\/\\\/www.esmach.com\\\/it\\\/#\\\/schema\\\/person\\\/c2ef9e678bf9458aa9209c6e989f8dda\",\"name\":\"derbau\",\"image\":{\"@type\":\"ImageObject\",\"inLanguage\":\"it-IT\",\"@id\":\"https:\\\/\\\/secure.gravatar.com\\\/avatar\\\/69cf46fafe5978239ea0fef88925601f1120d10fcea732c96b92c957e3308753?s=96&d=mm&r=g\",\"url\":\"https:\\\/\\\/secure.gravatar.com\\\/avatar\\\/69cf46fafe5978239ea0fef88925601f1120d10fcea732c96b92c957e3308753?s=96&d=mm&r=g\",\"contentUrl\":\"https:\\\/\\\/secure.gravatar.com\\\/avatar\\\/69cf46fafe5978239ea0fef88925601f1120d10fcea732c96b92c957e3308753?s=96&d=mm&r=g\",\"caption\":\"derbau\"},\"sameAs\":[\"http:\\\/\\\/localhost:8888\\\/wp_esmach_new\"],\"url\":\"https:\\\/\\\/www.esmach.com\\\/it\\\/author\\\/derbau\\\/\"}]}<\/script>\n<!-- \/ Yoast SEO Premium plugin. -->","yoast_head_json":{"title":"\u201cIL FORNO\u201d DI CATTOLICA: UN CONNUBIO TRA TRADIZIONE E INNOVAZIONE CON ESMACH ALI","robots":{"index":"index","follow":"follow","max-snippet":"max-snippet:-1","max-image-preview":"max-image-preview:large","max-video-preview":"max-video-preview:-1"},"canonical":"https:\/\/www.esmach.com\/it\/blog\/2023\/il-forno-di-cattolica-larmonioso-connubio-tra-tradizione-e-innovazione-con-esmach-ali\/","og_locale":"it_IT","og_type":"article","og_title":"\u201cIL FORNO\u201d DI CATTOLICA: UN CONNUBIO TRA TRADIZIONE E INNOVAZIONE CON ESMACH ALI","og_description":"Nella suggestiva localit\u00e0 di Cattolica, in provincia di Rimini, spicca un forno prestigioso gestito con passione e dedizione da un fornaio e da sua moglie. Ci troviamo nella splendida Emilia Romagna e parliamo de \u201cIl Forno\u201d di Cattolica, di Giovanni Lapenta. All\u2019interno di questa solida attivit\u00e0 \u00e8 possibile trovare tantissimi prodotti dell\u2019arte bianca italiana, che [&hellip;]","og_url":"https:\/\/www.esmach.com\/it\/blog\/2023\/il-forno-di-cattolica-larmonioso-connubio-tra-tradizione-e-innovazione-con-esmach-ali\/","og_site_name":"Esmach","article_published_time":"2023-08-15T22:00:00+00:00","article_modified_time":"2024-11-04T17:30:31+00:00","og_image":[{"width":736,"height":266,"url":"https:\/\/www.esmach.com\/wp-content\/uploads\/COP23.jpg","type":"image\/jpeg"}],"author":"derbau","twitter_card":"summary_large_image","twitter_misc":{"Scritto da":"derbau","Tempo di lettura stimato":"2 minuti"},"schema":{"@context":"https:\/\/schema.org","@graph":[{"@type":"Article","@id":"https:\/\/www.esmach.com\/it\/blog\/2023\/il-forno-di-cattolica-larmonioso-connubio-tra-tradizione-e-innovazione-con-esmach-ali\/#article","isPartOf":{"@id":"https:\/\/www.esmach.com\/it\/blog\/2023\/il-forno-di-cattolica-larmonioso-connubio-tra-tradizione-e-innovazione-con-esmach-ali\/"},"author":{"name":"derbau","@id":"https:\/\/www.esmach.com\/it\/#\/schema\/person\/c2ef9e678bf9458aa9209c6e989f8dda"},"headline":"\u201cIL FORNO\u201d DI CATTOLICA: UN CONNUBIO TRA TRADIZIONE E INNOVAZIONE CON ESMACH ALI","datePublished":"2023-08-15T22:00:00+00:00","dateModified":"2024-11-04T17:30:31+00:00","mainEntityOfPage":{"@id":"https:\/\/www.esmach.com\/it\/blog\/2023\/il-forno-di-cattolica-larmonioso-connubio-tra-tradizione-e-innovazione-con-esmach-ali\/"},"wordCount":355,"image":{"@id":"https:\/\/www.esmach.com\/it\/blog\/2023\/il-forno-di-cattolica-larmonioso-connubio-tra-tradizione-e-innovazione-con-esmach-ali\/#primaryimage"},"thumbnailUrl":"https:\/\/www.esmach.com\/wp-content\/uploads\/COP23.jpg","articleSection":["Blog"],"inLanguage":"it-IT"},{"@type":"WebPage","@id":"https:\/\/www.esmach.com\/it\/blog\/2023\/il-forno-di-cattolica-larmonioso-connubio-tra-tradizione-e-innovazione-con-esmach-ali\/","url":"https:\/\/www.esmach.com\/it\/blog\/2023\/il-forno-di-cattolica-larmonioso-connubio-tra-tradizione-e-innovazione-con-esmach-ali\/","name":"\u201cIL FORNO\u201d DI CATTOLICA: UN CONNUBIO TRA TRADIZIONE E INNOVAZIONE CON ESMACH ALI","isPartOf":{"@id":"https:\/\/www.esmach.com\/it\/#website"},"primaryImageOfPage":{"@id":"https:\/\/www.esmach.com\/it\/blog\/2023\/il-forno-di-cattolica-larmonioso-connubio-tra-tradizione-e-innovazione-con-esmach-ali\/#primaryimage"},"image":{"@id":"https:\/\/www.esmach.com\/it\/blog\/2023\/il-forno-di-cattolica-larmonioso-connubio-tra-tradizione-e-innovazione-con-esmach-ali\/#primaryimage"},"thumbnailUrl":"https:\/\/www.esmach.com\/wp-content\/uploads\/COP23.jpg","datePublished":"2023-08-15T22:00:00+00:00","dateModified":"2024-11-04T17:30:31+00:00","author":{"@id":"https:\/\/www.esmach.com\/it\/#\/schema\/person\/c2ef9e678bf9458aa9209c6e989f8dda"},"breadcrumb":{"@id":"https:\/\/www.esmach.com\/it\/blog\/2023\/il-forno-di-cattolica-larmonioso-connubio-tra-tradizione-e-innovazione-con-esmach-ali\/#breadcrumb"},"inLanguage":"it-IT","potentialAction":[{"@type":"ReadAction","target":["https:\/\/www.esmach.com\/it\/blog\/2023\/il-forno-di-cattolica-larmonioso-connubio-tra-tradizione-e-innovazione-con-esmach-ali\/"]}]},{"@type":"ImageObject","inLanguage":"it-IT","@id":"https:\/\/www.esmach.com\/it\/blog\/2023\/il-forno-di-cattolica-larmonioso-connubio-tra-tradizione-e-innovazione-con-esmach-ali\/#primaryimage","url":"https:\/\/www.esmach.com\/wp-content\/uploads\/COP23.jpg","contentUrl":"https:\/\/www.esmach.com\/wp-content\/uploads\/COP23.jpg","width":736,"height":266},{"@type":"BreadcrumbList","@id":"https:\/\/www.esmach.com\/it\/blog\/2023\/il-forno-di-cattolica-larmonioso-connubio-tra-tradizione-e-innovazione-con-esmach-ali\/#breadcrumb","itemListElement":[{"@type":"ListItem","position":1,"name":"Home","item":"https:\/\/www.esmach.com\/it\/"},{"@type":"ListItem","position":2,"name":"\u201cIL FORNO\u201d DI CATTOLICA: UN CONNUBIO TRA TRADIZIONE E INNOVAZIONE CON ESMACH ALI"}]},{"@type":"WebSite","@id":"https:\/\/www.esmach.com\/it\/#website","url":"https:\/\/www.esmach.com\/it\/","name":"Esmach","description":"","potentialAction":[{"@type":"SearchAction","target":{"@type":"EntryPoint","urlTemplate":"https:\/\/www.esmach.com\/it\/?s={search_term_string}"},"query-input":{"@type":"PropertyValueSpecification","valueRequired":true,"valueName":"search_term_string"}}],"inLanguage":"it-IT"},{"@type":"Person","@id":"https:\/\/www.esmach.com\/it\/#\/schema\/person\/c2ef9e678bf9458aa9209c6e989f8dda","name":"derbau","image":{"@type":"ImageObject","inLanguage":"it-IT","@id":"https:\/\/secure.gravatar.com\/avatar\/69cf46fafe5978239ea0fef88925601f1120d10fcea732c96b92c957e3308753?s=96&d=mm&r=g","url":"https:\/\/secure.gravatar.com\/avatar\/69cf46fafe5978239ea0fef88925601f1120d10fcea732c96b92c957e3308753?s=96&d=mm&r=g","contentUrl":"https:\/\/secure.gravatar.com\/avatar\/69cf46fafe5978239ea0fef88925601f1120d10fcea732c96b92c957e3308753?s=96&d=mm&r=g","caption":"derbau"},"sameAs":["http:\/\/localhost:8888\/wp_esmach_new"],"url":"https:\/\/www.esmach.com\/it\/author\/derbau\/"}]}},"_links":{"self":[{"href":"https:\/\/www.esmach.com\/it\/wp-json\/wp\/v2\/posts\/6152","targetHints":{"allow":["GET"]}}],"collection":[{"href":"https:\/\/www.esmach.com\/it\/wp-json\/wp\/v2\/posts"}],"about":[{"href":"https:\/\/www.esmach.com\/it\/wp-json\/wp\/v2\/types\/post"}],"author":[{"embeddable":true,"href":"https:\/\/www.esmach.com\/it\/wp-json\/wp\/v2\/users\/1"}],"replies":[{"embeddable":true,"href":"https:\/\/www.esmach.com\/it\/wp-json\/wp\/v2\/comments?post=6152"}],"version-history":[{"count":0,"href":"https:\/\/www.esmach.com\/it\/wp-json\/wp\/v2\/posts\/6152\/revisions"}],"wp:featuredmedia":[{"embeddable":true,"href":"https:\/\/www.esmach.com\/it\/wp-json\/wp\/v2\/media\/666"}],"wp:attachment":[{"href":"https:\/\/www.esmach.com\/it\/wp-json\/wp\/v2\/media?parent=6152"}],"wp:term":[{"taxonomy":"category","embeddable":true,"href":"https:\/\/www.esmach.com\/it\/wp-json\/wp\/v2\/categories?post=6152"},{"taxonomy":"post_tag","embeddable":true,"href":"https:\/\/www.esmach.com\/it\/wp-json\/wp\/v2\/tags?post=6152"}],"curies":[{"name":"wp","href":"https:\/\/api.w.org\/{rel}","templated":true}]}}